{"id":234,"date":"2025-12-05T17:41:04","date_gmt":"2025-12-05T16:41:04","guid":{"rendered":"https:\/\/uoos-vsz.hr\/?p=234"},"modified":"2025-12-06T17:46:20","modified_gmt":"2025-12-06T16:46:20","slug":"radionica-znakovnog-jezika-za-ucenike-os-antun-gustav-matos-vinkovci","status":"publish","type":"post","link":"https:\/\/uoos-vsz.hr\/en\/radionica-znakovnog-jezika-za-ucenike-os-antun-gustav-matos-vinkovci\/","title":{"rendered":"Radionica znakovnog jezika za u\u010denike O\u0160 Antun Gustav Mato\u0161 Vinkovci"},"content":{"rendered":"<p>Radionicu su vodile predsjednica udruge Ru\u017eica Vi\u0161nji\u0107 i komunikacijska posrednica Manuela Uzunovi\u0107. Djeca su kroz interaktivne aktivnosti upoznala s osnovama hrvatskog znakovnog jezika, abecedom i jednostavnim znakovima.<br>Djeca su pokazala veliki entuzijazam i brzo usvajanje novih vje\u0161tina, stvaraju\u0107i prve korake u razumijevanju &#8220;svijeta ti\u0161ine&#8221;. Radionica promi\u010de inkluziju i me\u0111usobno razumijevanje izme\u0111u djece i osoba o\u0161te\u0107enog sluha kroz kreativne i edukativne aktivnosti.<br>Hvala na suradnji:<\/p>\n\n\n\n<ul class=\"wp-block-list\">\n<li>Osnovnoj \u0161koli A.G. Mato\u0161 Vinkovci i u\u010diteljici Branki Peuli\u0107 na organizaciji i sudjelovanju<\/li>\n\n\n\n<li>Predsjednici Ru\u017eici Vi\u0161nji\u0107 i Manueli Uzunovi\u0107 na stru\u010dnoj i srda\u010dnoj predaji znanja<\/li>\n<\/ul>\n\n\n\n<p>Ova suradnja potvr\u0111uje va\u017enost inkluzivnih programa u lokalnoj zajednici i otvara vrata za budu\u0107e zajedni\u010dke inicijative. Radujemo se nastavku suradnje s \u0161kolama i udrugama u Vinkovcima!<\/p>\n\n\n\n<p><\/p>\n\n\n\n<div class=\"wp-block-image-gallery-block-image-gallery-block aligncenter\"><div class=\"eb-parent-wrapper eb-parent-eb-image-gallery-d5nhe\"><div class=\"eb-gallery-img-wrapper eb-image-gallery-d5nhe masonry overlay-bottom caption-style-0   no-isotope\" data-id=\"eb-image-gallery-d5nhe\"><a href=\"https:\/\/uoos-vsz.hr\/wp-content\/uploads\/2025\/12\/viber_slika_2025-12-04_17-29-31-307.jpg\" rel=\"noopener\" data-fslightbox=\"gallery\" data-type=\"image\" class=\"eb-gallery-img-content eb-filter-img-\"><span class=\"eb-gallery-link-wrapper\"><img decoding=\"async\" class=\"eb-gallery-img\" src=\"https:\/\/uoos-vsz.hr\/wp-content\/uploads\/2025\/12\/viber_slika_2025-12-04_17-29-31-307.jpg\" image-index=\"0\" alt=\"\"\/><\/span><\/a><a href=\"https:\/\/uoos-vsz.hr\/wp-content\/uploads\/2025\/12\/viber_slika_2025-12-04_17-29-31-002.jpg\" rel=\"noopener\" data-fslightbox=\"gallery\" data-type=\"image\" class=\"eb-gallery-img-content eb-filter-img-\"><span class=\"eb-gallery-link-wrapper\"><img decoding=\"async\" class=\"eb-gallery-img\" src=\"https:\/\/uoos-vsz.hr\/wp-content\/uploads\/2025\/12\/viber_slika_2025-12-04_17-29-31-002.jpg\" image-index=\"1\" alt=\"\"\/><\/span><\/a><a href=\"https:\/\/uoos-vsz.hr\/wp-content\/uploads\/2025\/12\/viber_slika_2025-12-04_17-29-30-248.jpg\" rel=\"noopener\" data-fslightbox=\"gallery\" data-type=\"image\" class=\"eb-gallery-img-content eb-filter-img-\"><span class=\"eb-gallery-link-wrapper\"><img decoding=\"async\" class=\"eb-gallery-img\" src=\"https:\/\/uoos-vsz.hr\/wp-content\/uploads\/2025\/12\/viber_slika_2025-12-04_17-29-30-248.jpg\" image-index=\"2\" alt=\"\"\/><\/span><\/a><a href=\"https:\/\/uoos-vsz.hr\/wp-content\/uploads\/2025\/12\/viber_slika_2025-12-04_17-29-30-166.jpg\" rel=\"noopener\" data-fslightbox=\"gallery\" data-type=\"image\" class=\"eb-gallery-img-content eb-filter-img-\"><span class=\"eb-gallery-link-wrapper\"><img decoding=\"async\" class=\"eb-gallery-img\" src=\"https:\/\/uoos-vsz.hr\/wp-content\/uploads\/2025\/12\/viber_slika_2025-12-04_17-29-30-166.jpg\" image-index=\"3\" alt=\"\"\/><\/span><\/a><\/div><\/div><\/div>","protected":false},"excerpt":{"rendered":"<p>U \u010detvrtak, 4. prosinca 2025. godine, u prostorijama Udruge osoba o\u0161te\u0107enog sluha VS\u017d i Grada Vinkovaca odr\u017eana je edukativna radionica znakovnog jezika namijenjena za 20 u\u010denika 3. razreda Osnovne \u0161kole A.G. Mato\u0161 Vinkovci.<\/p>","protected":false},"author":1,"featured_media":235,"comment_status":"closed","ping_status":"closed","sticky":false,"template":"","format":"standard","meta":{"_et_pb_use_builder":"off","_et_pb_old_content":"","_et_gb_content_width":"","_eb_attr":"","footnotes":""},"categories":[1],"tags":[],"class_list":["post-234","post","type-post","status-publish","format-standard","has-post-thumbnail","hentry","category-uncategorized"],"_links":{"self":[{"href":"https:\/\/uoos-vsz.hr\/en\/wp-json\/wp\/v2\/posts\/234","targetHints":{"allow":["GET"]}}],"collection":[{"href":"https:\/\/uoos-vsz.hr\/en\/wp-json\/wp\/v2\/posts"}],"about":[{"href":"https:\/\/uoos-vsz.hr\/en\/wp-json\/wp\/v2\/types\/post"}],"author":[{"embeddable":true,"href":"https:\/\/uoos-vsz.hr\/en\/wp-json\/wp\/v2\/users\/1"}],"replies":[{"embeddable":true,"href":"https:\/\/uoos-vsz.hr\/en\/wp-json\/wp\/v2\/comments?post=234"}],"version-history":[{"count":1,"href":"https:\/\/uoos-vsz.hr\/en\/wp-json\/wp\/v2\/posts\/234\/revisions"}],"predecessor-version":[{"id":240,"href":"https:\/\/uoos-vsz.hr\/en\/wp-json\/wp\/v2\/posts\/234\/revisions\/240"}],"wp:featuredmedia":[{"embeddable":true,"href":"https:\/\/uoos-vsz.hr\/en\/wp-json\/wp\/v2\/media\/235"}],"wp:attachment":[{"href":"https:\/\/uoos-vsz.hr\/en\/wp-json\/wp\/v2\/media?parent=234"}],"wp:term":[{"taxonomy":"category","embeddable":true,"href":"https:\/\/uoos-vsz.hr\/en\/wp-json\/wp\/v2\/categories?post=234"},{"taxonomy":"post_tag","embeddable":true,"href":"https:\/\/uoos-vsz.hr\/en\/wp-json\/wp\/v2\/tags?post=234"}],"curies":[{"name":"wp","href":"https:\/\/api.w.org\/{rel}","templated":true}]}}