{"id":309,"date":"2026-04-27T19:42:15","date_gmt":"2026-04-27T17:42:15","guid":{"rendered":"https:\/\/uoos-vsz.hr\/?p=309"},"modified":"2026-04-27T19:42:17","modified_gmt":"2026-04-27T17:42:17","slug":"70-godina-rada-udruge-gluhih-i-nagluhih-brodsko-posavske-zupanije","status":"publish","type":"post","link":"https:\/\/uoos-vsz.hr\/en\/70-godina-rada-udruge-gluhih-i-nagluhih-brodsko-posavske-zupanije\/","title":{"rendered":"70 godina rada Udruge gluhih i nagluhih Brodsko-posavske \u017eupanije"},"content":{"rendered":"<p>Ovakve obljetnice podsje\u0107aju koliko je va\u017eno postojanje udruga koje okupljaju, podr\u017eavaju i svakodnevno rade s gluhim i nagluhim osobama. One su mjesto zajedni\u0161tva, razumijevanja, podr\u0161ke i borbe za bolju uklju\u010denost u dru\u0161tvo.<\/p>\n\n\n\n<p>Na\u0161im prijateljima iz Slavonskog Broda iskreno \u010destitamo na velikih 70 godina rada i predanosti te im \u017eelimo jo\u0161 mnogo uspje\u0161nih godina, novih projekata i zajedni\u010dkih uspjeha.<\/p>\n\n\n\n<p>Tako\u0111er se od srca zahvaljujemo na pozivu i gostoprimstvu. Bilo nam je iznimno drago i lijepo sudjelovati u proslavi ovog zna\u010dajnog doga\u0111aja i zajedno obilje\u017eiti ovu veliku obljetnicu.<\/p>\n\n\n\n<p>Radujemo se budu\u0107oj suradnji, novim susretima i zajedni\u010dkim inicijativama na dobrobit gluhih i nagluhih osoba.<\/p>\n\n\n\n<p><\/p>\n\n\n\n<div class=\"wp-block-image-gallery-block-image-gallery-block\"><div class=\"eb-parent-wrapper eb-parent-eb-image-gallery-6er6d\"><div class=\"eb-gallery-img-wrapper eb-image-gallery-6er6d masonry overlay-bottom caption-style-0   no-isotope\" data-id=\"eb-image-gallery-6er6d\"><a href=\"https:\/\/uoos-vsz.hr\/wp-content\/uploads\/2026\/04\/20260425_130851-scaled.jpg\" rel=\"noopener\" data-fslightbox=\"gallery\" data-type=\"image\" class=\"eb-gallery-img-content eb-filter-img-\"><span class=\"eb-gallery-link-wrapper\"><img decoding=\"async\" class=\"eb-gallery-img\" src=\"https:\/\/uoos-vsz.hr\/wp-content\/uploads\/2026\/04\/20260425_130851-scaled.jpg\" image-index=\"0\" alt=\"\"\/><\/span><\/a><a href=\"https:\/\/uoos-vsz.hr\/wp-content\/uploads\/2026\/04\/20260425_150021-scaled.jpg\" rel=\"noopener\" data-fslightbox=\"gallery\" data-type=\"image\" class=\"eb-gallery-img-content eb-filter-img-\"><span class=\"eb-gallery-link-wrapper\"><img decoding=\"async\" class=\"eb-gallery-img\" src=\"https:\/\/uoos-vsz.hr\/wp-content\/uploads\/2026\/04\/20260425_150021-scaled.jpg\" image-index=\"1\" alt=\"\"\/><\/span><\/a><a href=\"https:\/\/uoos-vsz.hr\/wp-content\/uploads\/2026\/04\/20260425_134251-scaled.jpg\" rel=\"noopener\" data-fslightbox=\"gallery\" data-type=\"image\" class=\"eb-gallery-img-content eb-filter-img-\"><span class=\"eb-gallery-link-wrapper\"><img decoding=\"async\" class=\"eb-gallery-img\" src=\"https:\/\/uoos-vsz.hr\/wp-content\/uploads\/2026\/04\/20260425_134251-scaled.jpg\" image-index=\"2\" alt=\"\"\/><\/span><\/a><a href=\"https:\/\/uoos-vsz.hr\/wp-content\/uploads\/2026\/04\/20260425_134243-scaled.jpg\" rel=\"noopener\" data-fslightbox=\"gallery\" data-type=\"image\" class=\"eb-gallery-img-content eb-filter-img-\"><span class=\"eb-gallery-link-wrapper\"><img decoding=\"async\" class=\"eb-gallery-img\" src=\"https:\/\/uoos-vsz.hr\/wp-content\/uploads\/2026\/04\/20260425_134243-scaled.jpg\" image-index=\"3\" alt=\"\"\/><\/span><\/a><a href=\"https:\/\/uoos-vsz.hr\/wp-content\/uploads\/2026\/04\/20260425_130855-scaled.jpg\" rel=\"noopener\" data-fslightbox=\"gallery\" data-type=\"image\" class=\"eb-gallery-img-content eb-filter-img-\"><span class=\"eb-gallery-link-wrapper\"><img decoding=\"async\" class=\"eb-gallery-img\" src=\"https:\/\/uoos-vsz.hr\/wp-content\/uploads\/2026\/04\/20260425_130855-scaled.jpg\" image-index=\"4\" alt=\"\"\/><\/span><\/a><\/div><\/div><\/div>","protected":false},"excerpt":{"rendered":"<p>Predstavnice Udruge osoba o\u0161te\u0107enog sluha Vukovarsko-srijemske \u017eupanije i Grada Vinkovaca, Svjetlana Bera\u0107, Milena \u0160itum i Martina Peki\u0107 zajedno s predsjednicom Udruge Ru\u017eicom Vi\u0161nji\u0107, sudjelovale su 25. travnja 2026. godine na sve\u010danom obilje\u017eavanju 70 godina rada i postojanja Udruge gluhih i nagluhih Brodsko-posavske \u017eupanije u Slavonskom Brodu.<\/p>","protected":false},"author":1,"featured_media":313,"comment_status":"closed","ping_status":"closed","sticky":false,"template":"","format":"standard","meta":{"_et_pb_use_builder":"off","_et_pb_old_content":"","_et_gb_content_width":"","_eb_attr":"","footnotes":""},"categories":[1],"tags":[],"class_list":["post-309","post","type-post","status-publish","format-standard","has-post-thumbnail","hentry","category-uncategorized"],"_links":{"self":[{"href":"https:\/\/uoos-vsz.hr\/en\/wp-json\/wp\/v2\/posts\/309","targetHints":{"allow":["GET"]}}],"collection":[{"href":"https:\/\/uoos-vsz.hr\/en\/wp-json\/wp\/v2\/posts"}],"about":[{"href":"https:\/\/uoos-vsz.hr\/en\/wp-json\/wp\/v2\/types\/post"}],"author":[{"embeddable":true,"href":"https:\/\/uoos-vsz.hr\/en\/wp-json\/wp\/v2\/users\/1"}],"replies":[{"embeddable":true,"href":"https:\/\/uoos-vsz.hr\/en\/wp-json\/wp\/v2\/comments?post=309"}],"version-history":[{"count":1,"href":"https:\/\/uoos-vsz.hr\/en\/wp-json\/wp\/v2\/posts\/309\/revisions"}],"predecessor-version":[{"id":315,"href":"https:\/\/uoos-vsz.hr\/en\/wp-json\/wp\/v2\/posts\/309\/revisions\/315"}],"wp:featuredmedia":[{"embeddable":true,"href":"https:\/\/uoos-vsz.hr\/en\/wp-json\/wp\/v2\/media\/313"}],"wp:attachment":[{"href":"https:\/\/uoos-vsz.hr\/en\/wp-json\/wp\/v2\/media?parent=309"}],"wp:term":[{"taxonomy":"category","embeddable":true,"href":"https:\/\/uoos-vsz.hr\/en\/wp-json\/wp\/v2\/categories?post=309"},{"taxonomy":"post_tag","embeddable":true,"href":"https:\/\/uoos-vsz.hr\/en\/wp-json\/wp\/v2\/tags?post=309"}],"curies":[{"name":"wp","href":"https:\/\/api.w.org\/{rel}","templated":true}]}}